{"id":6326,"date":"2023-10-02T13:22:34","date_gmt":"2023-10-02T13:22:34","guid":{"rendered":"https:\/\/verbraucherschutzzentrale.be\/?p=6326"},"modified":"2023-12-21T10:09:42","modified_gmt":"2023-12-21T10:09:42","slug":"superaliments-regionaux-des-concentres-de-force-locaux","status":"publish","type":"post","link":"https:\/\/verbraucherschutzzentrale.be\/fr\/superaliments-regionaux-des-concentres-de-force-locaux\/","title":{"rendered":"Superaliments r\u00e9gionaux  &#8211; des concentr\u00e9s de force locaux"},"content":{"rendered":"\t\t<div data-elementor-type=\"wp-post\" data-elementor-id=\"6326\" class=\"elementor elementor-6326 elementor-5374\">\n\t\t\t\t\t\t<section class=\"elementor-section elementor-top-section elementor-element elementor-element-dbe9d13 elementor-section-boxed elementor-section-height-default elementor-section-height-default\" data-id=\"dbe9d13\" data-element_type=\"section\" data-e-type=\"section\" data-settings=\"{&quot;jet_parallax_layout_list&quot;:[{&quot;jet_parallax_layout_image&quot;:{&quot;url&quot;:&quot;&quot;,&quot;id&quot;:&quot;&quot;,&quot;size&quot;:&quot;&quot;},&quot;_id&quot;:&quot;92f37b6&quot;,&quot;jet_parallax_layout_image_tablet&quot;:{&quot;url&quot;:&quot;&quot;,&quot;id&quot;:&quot;&quot;,&quot;size&quot;:&quot;&quot;},&quot;jet_parallax_layout_image_mobile&quot;:{&quot;url&quot;:&quot;&quot;,&quot;id&quot;:&quot;&quot;,&quot;size&quot;:&quot;&quot;},&quot;jet_parallax_layout_speed&quot;:{&quot;unit&quot;:&quot;%&quot;,&quot;size&quot;:&quot;50&quot;,&quot;sizes&quot;:[]},&quot;jet_parallax_layout_bg_x&quot;:&quot;50&quot;,&quot;jet_parallax_layout_bg_y&quot;:&quot;50&quot;,&quot;jet_parallax_layout_type&quot;:&quot;scroll&quot;,&quot;jet_parallax_layout_direction&quot;:&quot;1&quot;,&quot;jet_parallax_layout_fx_direction&quot;:null,&quot;jet_parallax_layout_z_index&quot;:&quot;&quot;,&quot;jet_parallax_layout_bg_x_tablet&quot;:&quot;&quot;,&quot;jet_parallax_layout_bg_x_mobile&quot;:&quot;&quot;,&quot;jet_parallax_layout_bg_y_tablet&quot;:&quot;&quot;,&quot;jet_parallax_layout_bg_y_mobile&quot;:&quot;&quot;,&quot;jet_parallax_layout_bg_size&quot;:&quot;auto&quot;,&quot;jet_parallax_layout_bg_size_tablet&quot;:&quot;&quot;,&quot;jet_parallax_layout_bg_size_mobile&quot;:&quot;&quot;,&quot;jet_parallax_layout_animation_prop&quot;:&quot;transform&quot;,&quot;jet_parallax_layout_on&quot;:[&quot;desktop&quot;,&quot;tablet&quot;]}]}\">\n\t\t\t\t\t\t<div class=\"elementor-container elementor-column-gap-no\">\n\t\t\t\t\t<div class=\"elementor-column elementor-col-100 elementor-top-column elementor-element elementor-element-db11612\" data-id=\"db11612\" data-element_type=\"column\" data-e-type=\"column\">\n\t\t\t<div class=\"elementor-widget-wrap elementor-element-populated\">\n\t\t\t\t\t\t<div class=\"elementor-element elementor-element-ac8abe8 elementor-align-left elementor-widget elementor-widget-raven-breadcrumbs\" data-id=\"ac8abe8\" data-element_type=\"widget\" data-e-type=\"widget\" data-widget_type=\"raven-breadcrumbs.default\">\n\t\t\t\t<div class=\"elementor-widget-container\">\n\t\t\t\t\t<div class=\"raven-breadcrumbs raven-breadcrumbs-default\"><div class=\"breadcrumb\">\t\t\t\t<div class=\"breadcrumb-item active\" aria-current=\"page\"><span>Home<\/span><\/div>\n\n\t\t\t\t<\/div><\/div>\t\t\t\t<\/div>\n\t\t\t\t<\/div>\n\t\t\t\t<div class=\"elementor-element elementor-element-890e458 elementor-widget elementor-widget-text-editor\" data-id=\"890e458\" data-element_type=\"widget\" data-e-type=\"widget\" data-widget_type=\"text-editor.default\">\n\t\t\t\t<div class=\"elementor-widget-container\">\n\t\t\t\t\t\t\t\t\t<p><b><span data-contrast=\"auto\">Nous en avons tous entendu parler, nous les avons tous go\u00fbt\u00e9s et pour beaucoup, ils font partie int\u00e9grante de l&rsquo;alimentation quotidienne : graines de chia, baies de goji, avocat, quinoa, gingembre&#8230;, ce qu&rsquo;on appelle les superaliments. La VSZ vous dit si cela vaut la peine de les acheter.\u00a0<\/span><\/b><span data-ccp-props=\"{}\">\u00a0<\/span><\/p><p><span data-contrast=\"auto\">On appelle superaliments les aliments qui pr\u00e9sentent une teneur particuli\u00e8rement \u00e9lev\u00e9e en vitamines, min\u00e9raux et\/ou substances v\u00e9g\u00e9tales secondaires. Ils sont donc cens\u00e9s \u00eatre particuli\u00e8rement bons pour notre sant\u00e9. C&rsquo;est pourquoi ces aliments exotiques sont actuellement tr\u00e8s \u00e0 la mode.<\/span><span data-ccp-props=\"{}\">\u00a0<\/span><\/p>\t\t\t\t\t\t\t\t<\/div>\n\t\t\t\t<\/div>\n\t\t\t\t<div class=\"elementor-element elementor-element-6d69b73 elementor-widget elementor-widget-read-more\" data-id=\"6d69b73\" data-element_type=\"widget\" data-e-type=\"widget\" data-widget_type=\"read-more.default\">\n\t\t\t\t<div class=\"elementor-widget-container\">\n\t\t\t\t\t<\/div><\/div><\/div><\/div><\/div><\/section><\/div> <a href=\"https:\/\/verbraucherschutzzentrale.be\/fr\/superaliments-regionaux-des-concentres-de-force-locaux\/#more-6326\" class=\"more-link elementor-more-link\"><span aria-label=\"Poursuivre la lecture Superaliments r\u00e9gionaux  &#8211; des concentr\u00e9s de force locaux\">Weiterlesen<\/span><\/a>","protected":false},"excerpt":{"rendered":"<p>Home Nous en avons tous entendu parler, nous les avons tous go\u00fbt\u00e9s et pour beaucoup, ils font partie int\u00e9grante de l&rsquo;alimentation quotidienne : graines de chia, baies de goji, avocat, quinoa, gingembre&#8230;, ce qu&rsquo;on appelle les superaliments. La VSZ vous dit si cela vaut la peine de les acheter.\u00a0\u00a0 On appelle superaliments les aliments qui [&hellip;]<\/p>\n","protected":false},"author":5,"featured_media":6181,"comment_status":"closed","ping_status":"closed","sticky":false,"template":"","format":"standard","meta":{"_monsterinsights_skip_tracking":false,"_monsterinsights_sitenote_active":false,"_monsterinsights_sitenote_note":"","_monsterinsights_sitenote_category":0,"footnotes":""},"categories":[217,216],"tags":[218],"class_list":["post-6326","post","type-post","status-publish","format-standard","has-post-thumbnail","hentry","category-environnement","category-sante-alimentation","tag-lokales-essen-fr"],"aioseo_notices":[],"_links":{"self":[{"href":"https:\/\/verbraucherschutzzentrale.be\/fr\/wp-json\/wp\/v2\/posts\/6326","targetHints":{"allow":["GET"]}}],"collection":[{"href":"https:\/\/verbraucherschutzzentrale.be\/fr\/wp-json\/wp\/v2\/posts"}],"about":[{"href":"https:\/\/verbraucherschutzzentrale.be\/fr\/wp-json\/wp\/v2\/types\/post"}],"author":[{"embeddable":true,"href":"https:\/\/verbraucherschutzzentrale.be\/fr\/wp-json\/wp\/v2\/users\/5"}],"replies":[{"embeddable":true,"href":"https:\/\/verbraucherschutzzentrale.be\/fr\/wp-json\/wp\/v2\/comments?post=6326"}],"version-history":[{"count":21,"href":"https:\/\/verbraucherschutzzentrale.be\/fr\/wp-json\/wp\/v2\/posts\/6326\/revisions"}],"predecessor-version":[{"id":6757,"href":"https:\/\/verbraucherschutzzentrale.be\/fr\/wp-json\/wp\/v2\/posts\/6326\/revisions\/6757"}],"wp:featuredmedia":[{"embeddable":true,"href":"https:\/\/verbraucherschutzzentrale.be\/fr\/wp-json\/wp\/v2\/media\/6181"}],"wp:attachment":[{"href":"https:\/\/verbraucherschutzzentrale.be\/fr\/wp-json\/wp\/v2\/media?parent=6326"}],"wp:term":[{"taxonomy":"category","embeddable":true,"href":"https:\/\/verbraucherschutzzentrale.be\/fr\/wp-json\/wp\/v2\/categories?post=6326"},{"taxonomy":"post_tag","embeddable":true,"href":"https:\/\/verbraucherschutzzentrale.be\/fr\/wp-json\/wp\/v2\/tags?post=6326"}],"curies":[{"name":"wp","href":"https:\/\/api.w.org\/{rel}","templated":true}]}}